{"id":289,"date":"2026-04-24T12:32:54","date_gmt":"2026-04-24T15:32:54","guid":{"rendered":"https:\/\/www.romaeletronica.com.br\/blog\/?p=289"},"modified":"2026-04-24T12:53:19","modified_gmt":"2026-04-24T15:53:19","slug":"fabricante-de-modulo-carregador-usb","status":"publish","type":"post","link":"https:\/\/www.romaeletronica.com.br\/blog\/modulo-carregador-usb\/fabricante-de-modulo-carregador-usb\/","title":{"rendered":"Fabricante de m\u00f3dulo carregador USB: qual compensa mais?"},"content":{"rendered":"<span class=\"span-reading-time rt-reading-time\" style=\"display: block;\"><span class=\"rt-label rt-prefix\">Tempo de leitura: <\/span> <span class=\"rt-time\"> 6<\/span> <span class=\"rt-label rt-postfix\">minutos<\/span><\/span>\n<p><strong><em>Entenda quando escolher fornecedor ou fabricante de m\u00f3dulo carregador USB<\/em><\/strong> <strong><em>e compare custo, controle, prazo e escalabilidade na decis\u00e3o de compra.<\/em><\/strong><\/p>\n\n\n\n<p>Quem est\u00e1 pesquisando <strong>fornecedor ou fabricante de m\u00f3dulo USB<\/strong> normalmente n\u00e3o quer s\u00f3 comprar uma pe\u00e7a. Quer evitar atraso, reduzir custo escondido e ter seguran\u00e7a para crescer sem trocar de parceiro no meio do caminho.<\/p>\n\n\n\n<p>Essa decis\u00e3o pesa ainda mais quando o m\u00f3dulo USB faz parte de uma linha de produto, de um projeto OEM ou de uma opera\u00e7\u00e3o que depende de abastecimento constante. Nesse cen\u00e1rio, escolher errado pode significar margem apertada, retrabalho e dor de cabe\u00e7a no p\u00f3s-venda.<\/p>\n\n\n\n<p>Por isso, vale olhar al\u00e9m do pre\u00e7o unit\u00e1rio. Quando voc\u00ea compara distribuidor, importador e fabricante, percebe r\u00e1pido que a diferen\u00e7a real est\u00e1 em <strong>controle, previsibilidade e capacidade de escala<\/strong>.<\/p>\n\n\n\n<div id=\"ez-toc-container\" class=\"ez-toc-v2_0_73 counter-hierarchy ez-toc-counter ez-toc-grey ez-toc-container-direction\">\n<div class=\"ez-toc-title-container\">\n<p class=\"ez-toc-title\" style=\"cursor:inherit\">T\u00f3picos do artigo<\/p>\n<span class=\"ez-toc-title-toggle\"><a href=\"#\" class=\"ez-toc-pull-right ez-toc-btn ez-toc-btn-xs ez-toc-btn-default ez-toc-toggle\" aria-label=\"Alternar tabela de conte\u00fado\"><span class=\"ez-toc-js-icon-con\"><span class=\"\"><span class=\"eztoc-hide\" style=\"display:none;\">Toggle<\/span><span class=\"ez-toc-icon-toggle-span\"><svg style=\"fill: #999;color:#999\" xmlns=\"http:\/\/www.w3.org\/2000\/svg\" class=\"list-377408\" width=\"20px\" height=\"20px\" viewBox=\"0 0 24 24\" fill=\"none\"><path d=\"M6 6H4v2h2V6zm14 0H8v2h12V6zM4 11h2v2H4v-2zm16 0H8v2h12v-2zM4 16h2v2H4v-2zm16 0H8v2h12v-2z\" fill=\"currentColor\"><\/path><\/svg><svg style=\"fill: #999;color:#999\" class=\"arrow-unsorted-368013\" xmlns=\"http:\/\/www.w3.org\/2000\/svg\" width=\"10px\" height=\"10px\" viewBox=\"0 0 24 24\" version=\"1.2\" baseProfile=\"tiny\"><path d=\"M18.2 9.3l-6.2-6.3-6.2 6.3c-.2.2-.3.4-.3.7s.1.5.3.7c.2.2.4.3.7.3h11c.3 0 .5-.1.7-.3.2-.2.3-.5.3-.7s-.1-.5-.3-.7zM5.8 14.7l6.2 6.3 6.2-6.3c.2-.2.3-.5.3-.7s-.1-.5-.3-.7c-.2-.2-.4-.3-.7-.3h-11c-.3 0-.5.1-.7.3-.2.2-.3.5-.3.7s.1.5.3.7z\"\/><\/svg><\/span><\/span><\/span><\/a><\/span><\/div>\n<nav><ul class='ez-toc-list ez-toc-list-level-1 ' ><li class='ez-toc-page-1 ez-toc-heading-level-2'><a class=\"ez-toc-link ez-toc-heading-1\" href=\"https:\/\/www.romaeletronica.com.br\/blog\/modulo-carregador-usb\/fabricante-de-modulo-carregador-usb\/#Distribuidor_importador_e_fabricante_o_que_muda_na_pratica\" title=\"Distribuidor, importador e fabricante: o que muda na pr\u00e1tica\">Distribuidor, importador e fabricante: o que muda na pr\u00e1tica<\/a><ul class='ez-toc-list-level-3' ><li class='ez-toc-heading-level-3'><a class=\"ez-toc-link ez-toc-heading-2\" href=\"https:\/\/www.romaeletronica.com.br\/blog\/modulo-carregador-usb\/fabricante-de-modulo-carregador-usb\/#Quando_o_distribuidor_faz_sentido\" title=\"Quando o distribuidor faz sentido\">Quando o distribuidor faz sentido<\/a><\/li><li class='ez-toc-page-1 ez-toc-heading-level-3'><a class=\"ez-toc-link ez-toc-heading-3\" href=\"https:\/\/www.romaeletronica.com.br\/blog\/modulo-carregador-usb\/fabricante-de-modulo-carregador-usb\/#Onde_o_importador_pode_ajudar_e_onde_ele_complica\" title=\"Onde o importador pode ajudar e onde ele complica\">Onde o importador pode ajudar e onde ele complica<\/a><\/li><li class='ez-toc-page-1 ez-toc-heading-level-3'><a class=\"ez-toc-link ez-toc-heading-4\" href=\"https:\/\/www.romaeletronica.com.br\/blog\/modulo-carregador-usb\/fabricante-de-modulo-carregador-usb\/#Por_que_o_fabricante_costuma_compensar_mais_no_medio_e_longo_prazo\" title=\"Por que o fabricante costuma compensar mais no m\u00e9dio e longo prazo\">Por que o fabricante costuma compensar mais no m\u00e9dio e longo prazo<\/a><\/li><\/ul><\/li><li class='ez-toc-page-1 ez-toc-heading-level-2'><a class=\"ez-toc-link ez-toc-heading-5\" href=\"https:\/\/www.romaeletronica.com.br\/blog\/modulo-carregador-usb\/fabricante-de-modulo-carregador-usb\/#Fornecedor_ou_fabricante_de_modulo_carregador_USB_o_que_pesa_no_custo_de_verdade\" title=\"Fornecedor ou fabricante de m\u00f3dulo carregador USB: o que pesa no custo de verdade\">Fornecedor ou fabricante de m\u00f3dulo carregador USB: o que pesa no custo de verdade<\/a><ul class='ez-toc-list-level-3' ><li class='ez-toc-heading-level-3'><a class=\"ez-toc-link ez-toc-heading-6\" href=\"https:\/\/www.romaeletronica.com.br\/blog\/modulo-carregador-usb\/fabricante-de-modulo-carregador-usb\/#Custos_visiveis_e_invisiveis_da_operacao\" title=\"Custos vis\u00edveis e invis\u00edveis da opera\u00e7\u00e3o\">Custos vis\u00edveis e invis\u00edveis da opera\u00e7\u00e3o<\/a><ul class='ez-toc-list-level-4' ><li class='ez-toc-heading-level-4'><a class=\"ez-toc-link ez-toc-heading-7\" href=\"https:\/\/www.romaeletronica.com.br\/blog\/modulo-carregador-usb\/fabricante-de-modulo-carregador-usb\/#O_preco_unitario_nem_sempre_mostra_o_melhor_negocio\" title=\"O pre\u00e7o unit\u00e1rio nem sempre mostra o melhor neg\u00f3cio\">O pre\u00e7o unit\u00e1rio nem sempre mostra o melhor neg\u00f3cio<\/a><\/li><\/ul><\/li><\/ul><\/li><li class='ez-toc-page-1 ez-toc-heading-level-2'><a class=\"ez-toc-link ez-toc-heading-8\" href=\"https:\/\/www.romaeletronica.com.br\/blog\/modulo-carregador-usb\/fabricante-de-modulo-carregador-usb\/#Controle_tecnico_e_personalizacao_duas_vantagens_que_mudam_o_jogo\" title=\"Controle t\u00e9cnico e personaliza\u00e7\u00e3o: duas vantagens que mudam o jogo\">Controle t\u00e9cnico e personaliza\u00e7\u00e3o: duas vantagens que mudam o jogo<\/a><ul class='ez-toc-list-level-3' ><li class='ez-toc-heading-level-3'><a class=\"ez-toc-link ez-toc-heading-9\" href=\"https:\/\/www.romaeletronica.com.br\/blog\/modulo-carregador-usb\/fabricante-de-modulo-carregador-usb\/#Quando_a_personalizacao_faz_diferenca\" title=\"Quando a personaliza\u00e7\u00e3o faz diferen\u00e7a\">Quando a personaliza\u00e7\u00e3o faz diferen\u00e7a<\/a><\/li><\/ul><\/li><li class='ez-toc-page-1 ez-toc-heading-level-2'><a class=\"ez-toc-link ez-toc-heading-10\" href=\"https:\/\/www.romaeletronica.com.br\/blog\/modulo-carregador-usb\/fabricante-de-modulo-carregador-usb\/#Escalabilidade_a_pergunta_que_precisa_entrar_na_mesa\" title=\"Escalabilidade: a pergunta que precisa entrar na mesa\">Escalabilidade: a pergunta que precisa entrar na mesa<\/a><ul class='ez-toc-list-level-3' ><li class='ez-toc-heading-level-3'><a class=\"ez-toc-link ez-toc-heading-11\" href=\"https:\/\/www.romaeletronica.com.br\/blog\/modulo-carregador-usb\/fabricante-de-modulo-carregador-usb\/#Crescer_com_seguranca_exige_estrutura\" title=\"Crescer com seguran\u00e7a exige estrutura\">Crescer com seguran\u00e7a exige estrutura<\/a><\/li><\/ul><\/li><li class='ez-toc-page-1 ez-toc-heading-level-2'><a class=\"ez-toc-link ez-toc-heading-12\" href=\"https:\/\/www.romaeletronica.com.br\/blog\/modulo-carregador-usb\/fabricante-de-modulo-carregador-usb\/#O_que_observar_antes_de_fechar_com_um_parceiro\" title=\"O que observar antes de fechar com um parceiro\">O que observar antes de fechar com um parceiro<\/a><ul class='ez-toc-list-level-3' ><li class='ez-toc-heading-level-3'><a class=\"ez-toc-link ez-toc-heading-13\" href=\"https:\/\/www.romaeletronica.com.br\/blog\/modulo-carregador-usb\/fabricante-de-modulo-carregador-usb\/#Sinais_de_autoridade_no_parceiro_escolhido\" title=\"Sinais de autoridade no parceiro escolhido\">Sinais de autoridade no parceiro escolhido<\/a><\/li><\/ul><\/li><li class='ez-toc-page-1 ez-toc-heading-level-2'><a class=\"ez-toc-link ez-toc-heading-14\" href=\"https:\/\/www.romaeletronica.com.br\/blog\/modulo-carregador-usb\/fabricante-de-modulo-carregador-usb\/#Onde_a_industria_nacional_ganha_forca_nessa_decisao\" title=\"Onde a ind\u00fastria nacional ganha for\u00e7a nessa decis\u00e3o\">Onde a ind\u00fastria nacional ganha for\u00e7a nessa decis\u00e3o<\/a><ul class='ez-toc-list-level-3' ><li class='ez-toc-heading-level-3'><a class=\"ez-toc-link ez-toc-heading-15\" href=\"https:\/\/www.romaeletronica.com.br\/blog\/modulo-carregador-usb\/fabricante-de-modulo-carregador-usb\/#O_que_esse_modelo_entrega_para_o_comprador\" title=\"O que esse modelo entrega para o comprador\">O que esse modelo entrega para o comprador<\/a><\/li><\/ul><\/li><li class='ez-toc-page-1 ez-toc-heading-level-2'><a class=\"ez-toc-link ez-toc-heading-16\" href=\"https:\/\/www.romaeletronica.com.br\/blog\/modulo-carregador-usb\/fabricante-de-modulo-carregador-usb\/#Fornecedor_ou_fabricante_de_modulo_carregador_USB_qual_compensa_mais_para_sua_empresa\" title=\"Fornecedor ou fabricante de m\u00f3dulo carregador USB: qual compensa mais para sua empresa\">Fornecedor ou fabricante de m\u00f3dulo carregador USB: qual compensa mais para sua empresa<\/a><\/li><\/ul><\/nav><\/div>\n<h2 class=\"wp-block-heading\"><span class=\"ez-toc-section\" id=\"Distribuidor_importador_e_fabricante_o_que_muda_na_pratica\"><\/span><strong>Distribuidor, importador e fabricante: o que muda na pr\u00e1tica<\/strong><span class=\"ez-toc-section-end\"><\/span><\/h2>\n\n\n\n<p>Muita empresa trata esses tr\u00eas perfis como se fossem iguais. N\u00e3o s\u00e3o. E entender isso encurta bastante o caminho da decis\u00e3o.<\/p>\n\n\n\n<p>O distribuidor, em geral, compra de terceiros e revende no mercado nacional. Ele costuma atender bem quem precisa de agilidade, baixo volume e disponibilidade imediata. \u00c9 uma solu\u00e7\u00e3o pr\u00e1tica para compras pontuais ou para reposi\u00e7\u00e3o r\u00e1pida.<\/p>\n\n\n\n<p>O importador, por outro lado, faz a ponte com produtos vindos de fora. Em alguns casos, consegue ampliar o leque de op\u00e7\u00f5es e trazer itens que n\u00e3o est\u00e3o dispon\u00edveis com facilidade no mercado interno. S\u00f3 que esse modelo costuma expor o comprador a vari\u00e1veis como c\u00e2mbio, prazo internacional, desembara\u00e7o e oscila\u00e7\u00f5es de estoque.<\/p>\n\n\n\n<p>J\u00e1 o fabricante atua em outro n\u00edvel. Quando voc\u00ea compra direto da ind\u00fastria, a conversa deixa de ser apenas pre\u00e7o de cat\u00e1logo. Entra em cena <strong>engenharia, padroniza\u00e7\u00e3o, controle de qualidade, possibilidade de customiza\u00e7\u00e3o e previsibilidade de fornecimento<\/strong>.<\/p>\n\n\n\n<ul class=\"wp-block-list\">\n<li><a href=\"https:\/\/www.romaeletronica.com.br\/blog\/tomada-com-entrada-usb\/vantagens-da-tomada-com-entrada-usb\/\">Conhe\u00e7a as vantagens da tomada com entrada USB e saiba onde comprar com seguran\u00e7a e qualidade no Brasil.<\/a><\/li>\n<\/ul>\n\n\n\n<h3 class=\"wp-block-heading\"><span class=\"ez-toc-section\" id=\"Quando_o_distribuidor_faz_sentido\"><\/span><strong>Quando o distribuidor faz sentido<\/strong><span class=\"ez-toc-section-end\"><\/span><\/h3>\n\n\n\n<p>Nem toda compra precisa ir direto para a f\u00e1brica. Em muitos casos, o distribuidor resolve bem.<\/p>\n\n\n\n<p>Se sua empresa est\u00e1 validando um projeto, testando aceita\u00e7\u00e3o de mercado ou comprando pequenos lotes, faz sentido usar um canal que entregue r\u00e1pido e sem exigir negocia\u00e7\u00e3o t\u00e9cnica mais profunda. O distribuidor tamb\u00e9m pode ser \u00fatil quando a necessidade \u00e9 imediata e o fator mais importante \u00e9 disponibilidade.<\/p>\n\n\n\n<p>O ponto de aten\u00e7\u00e3o aparece quando o volume cresce. Nesse est\u00e1gio, a depend\u00eancia de estoque de terceiros e a limita\u00e7\u00e3o de negocia\u00e7\u00e3o passam a pesar. O pre\u00e7o pode ficar menos competitivo, o suporte t\u00e9cnico tende a ser mais restrito e a margem de adapta\u00e7\u00e3o do produto quase sempre \u00e9 pequena.<\/p>\n\n\n\n<h3 class=\"wp-block-heading\"><span class=\"ez-toc-section\" id=\"Onde_o_importador_pode_ajudar_e_onde_ele_complica\"><\/span><strong>Onde o importador pode ajudar e onde ele complica<\/strong><span class=\"ez-toc-section-end\"><\/span><\/h3>\n\n\n\n<p>O importador costuma atrair empresas que procuram variedade ou tentam reduzir custo de aquisi\u00e7\u00e3o em algumas categorias.<\/p>\n\n\n\n<p>O problema \u00e9 que o custo real nem sempre aparece na primeira cota\u00e7\u00e3o. Taxas, log\u00edstica, flutua\u00e7\u00e3o cambial, prazo de reposi\u00e7\u00e3o e risco de ruptura podem transformar uma compra aparentemente vantajosa em uma opera\u00e7\u00e3o mais cara e menos previs\u00edvel.<\/p>\n\n\n\n<p>Tem tamb\u00e9m um ponto que muita gente s\u00f3 percebe depois: quando surge ajuste t\u00e9cnico, necessidade de suporte ou padroniza\u00e7\u00e3o cont\u00ednua, o caminho fica mais longo. E, no ambiente industrial, <strong>tempo perdido quase sempre vira custo<\/strong>.<\/p>\n\n\n\n<ul class=\"wp-block-list\">\n<li><a href=\"https:\/\/www.romaeletronica.com.br\/blog\/modulo-carregador-usb\/modulo-carregador-usb-saiba-como-funciona-e-onde-comprar\/\">M\u00f3dulo carregador USB: saiba como funciona e onde comprar<\/a><\/li>\n<\/ul>\n\n\n\n<h3 class=\"wp-block-heading\"><span class=\"ez-toc-section\" id=\"Por_que_o_fabricante_costuma_compensar_mais_no_medio_e_longo_prazo\"><\/span><strong>Por que o fabricante costuma compensar mais no m\u00e9dio e longo prazo<\/strong><span class=\"ez-toc-section-end\"><\/span><\/h3>\n\n\n\n<p>Para empresas que pensam em recorr\u00eancia, integra\u00e7\u00e3o ao produto final e crescimento, o fabricante costuma entregar um pacote mais completo.<\/p>\n\n\n\n<p>Comprar direto da ind\u00fastria melhora a visibilidade sobre processo, especifica\u00e7\u00e3o e padr\u00e3o de qualidade. Isso reduz ru\u00eddo na comunica\u00e7\u00e3o e facilita ajustes. Em vez de depender de v\u00e1rios intermedi\u00e1rios, voc\u00ea fala com quem projeta, desenvolve e produz.<\/p>\n\n\n\n<p>Esse modelo tamb\u00e9m favorece negocia\u00e7\u00f5es mais inteligentes. N\u00e3o \u00e9 s\u00f3 uma quest\u00e3o de pagar menos por pe\u00e7a. \u00c9 sobre construir uma opera\u00e7\u00e3o com <strong>mais previsibilidade de custo, estabilidade de fornecimento e poder de escala<\/strong>.<\/p>\n\n\n\n<h2 class=\"wp-block-heading\"><span class=\"ez-toc-section\" id=\"Fornecedor_ou_fabricante_de_modulo_carregador_USB_o_que_pesa_no_custo_de_verdade\"><\/span><strong>Fornecedor ou fabricante de m\u00f3dulo carregador USB: o que pesa no custo de verdade<\/strong><span class=\"ez-toc-section-end\"><\/span><\/h2>\n\n\n\n<p>Quem compra olhando apenas para o valor unit\u00e1rio corre o risco de enxergar s\u00f3 a superf\u00edcie. O custo de verdade est\u00e1 espalhado em v\u00e1rios pontos da opera\u00e7\u00e3o.<\/p>\n\n\n\n<p>Primeiro, existe o custo de disponibilidade. Se o parceiro n\u00e3o consegue manter regularidade, sua produ\u00e7\u00e3o sente. Depois, vem o custo de suporte. Quando h\u00e1 falha, d\u00favida t\u00e9cnica ou necessidade de ajuste, quanto tempo voc\u00ea perde at\u00e9 resolver?<\/p>\n\n\n\n<p>Tamb\u00e9m pesa o custo da falta de controle. Sem alinhamento t\u00e9cnico, qualquer mudan\u00e7a de lote pode gerar inconsist\u00eancia. E isso impacta retrabalho, assist\u00eancia, imagem da marca e at\u00e9 relacionamento com o cliente final.<\/p>\n\n\n\n<p>Na compara\u00e7\u00e3o entre <strong>fornecedor ou fabricante de m\u00f3dulo USB<\/strong>, vale pensar assim: <strong>o mais barato na nota nem sempre \u00e9 o mais econ\u00f4mico no projeto<\/strong>.<\/p>\n\n\n\n<ul class=\"wp-block-list\">\n<li><a href=\"https:\/\/www.romaeletronica.com.br\/blog\/controlador-minuteria\/onde-comprar-minuteria-pulsadora-com-mais-seguranca\/\">Onde comprar minuteria pulsadora com mais seguran\u00e7a<\/a><\/li>\n<\/ul>\n\n\n\n<h3 class=\"wp-block-heading\"><span class=\"ez-toc-section\" id=\"Custos_visiveis_e_invisiveis_da_operacao\"><\/span><strong>Custos vis\u00edveis e invis\u00edveis da opera\u00e7\u00e3o<\/strong><span class=\"ez-toc-section-end\"><\/span><\/h3>\n\n\n\n<p>Muitas compras parecem vantajosas porque a an\u00e1lise fica concentrada no or\u00e7amento inicial.<\/p>\n\n\n\n<p>S\u00f3 que, na pr\u00e1tica, existem custos que aparecem depois. Atrasos de entrega, falhas de compatibilidade, falta de suporte e dificuldade de reposi\u00e7\u00e3o entram nessa conta. Quando isso acontece, a economia inicial deixa de fazer sentido.<\/p>\n\n\n\n<p>\u00c9 por isso que empresas mais maduras compram com vis\u00e3o de cadeia, n\u00e3o s\u00f3 com vis\u00e3o de item.<\/p>\n\n\n\n<h4 class=\"wp-block-heading\"><span class=\"ez-toc-section\" id=\"O_preco_unitario_nem_sempre_mostra_o_melhor_negocio\"><\/span><strong>O pre\u00e7o unit\u00e1rio nem sempre mostra o melhor neg\u00f3cio<\/strong><span class=\"ez-toc-section-end\"><\/span><\/h4>\n\n\n\n<p>Esse \u00e9 um erro comum em compras t\u00e9cnicas.<\/p>\n\n\n\n<p>Um m\u00f3dulo USB mais barato pode sair caro quando exige mais retrabalho, aumenta o \u00edndice de falhas ou cria depend\u00eancia de prazos inst\u00e1veis. J\u00e1 um parceiro industrial confi\u00e1vel pode entregar um custo total melhor, mesmo com pre\u00e7o unit\u00e1rio aparentemente mais alto.<\/p>\n\n\n\n<ul class=\"wp-block-list\">\n<li><a href=\"https:\/\/www.romaeletronica.com.br\/blog\/sensor-de-embutir\/sensor-de-embutir\/\">Conhe\u00e7a o mais completo fornecedor de sensor de embutir<\/a><\/li>\n<\/ul>\n\n\n\n<h2 class=\"wp-block-heading\"><span class=\"ez-toc-section\" id=\"Controle_tecnico_e_personalizacao_duas_vantagens_que_mudam_o_jogo\"><\/span><strong>Controle t\u00e9cnico e personaliza\u00e7\u00e3o: duas vantagens que mudam o jogo<\/strong><span class=\"ez-toc-section-end\"><\/span><\/h2>\n\n\n\n<p>Esse \u00e9 um divisor de \u00e1guas para muita empresa. Quando o m\u00f3dulo USB faz parte de um produto maior, a capacidade de adapta\u00e7\u00e3o deixa de ser detalhe e vira vantagem competitiva.<\/p>\n\n\n\n<p>Com um fabricante, a conversa pode incluir adequa\u00e7\u00f5es de projeto, alinhamento de especifica\u00e7\u00f5es, testes, padroniza\u00e7\u00e3o de lote e suporte t\u00e9cnico mais pr\u00f3ximo. Isso traz seguran\u00e7a para quem precisa manter performance e consist\u00eancia.<\/p>\n\n\n\n<p>J\u00e1 em modelos baseados apenas em revenda, essa flexibilidade tende a ser limitada. Voc\u00ea compra o que est\u00e1 pronto, dentro do que existe em estoque e com pouca margem para ajuste fino.<\/p>\n\n\n\n<h3 class=\"wp-block-heading\"><span class=\"ez-toc-section\" id=\"Quando_a_personalizacao_faz_diferenca\"><\/span><strong>Quando a personaliza\u00e7\u00e3o faz diferen\u00e7a<\/strong><span class=\"ez-toc-section-end\"><\/span><\/h3>\n\n\n\n<p>Nem toda opera\u00e7\u00e3o precisa de customiza\u00e7\u00e3o. Mas, quando precisa, isso muda completamente o fornecedor ideal.<\/p>\n\n\n\n<p>Projetos industriais, integra\u00e7\u00f5es espec\u00edficas e produtos com exig\u00eancia de padroniza\u00e7\u00e3o tendem a se beneficiar muito mais de um fabricante do que de um intermedi\u00e1rio comercial.<\/p>\n\n\n\n<p>Nesses casos, <strong>ter mais dom\u00ednio sobre o componente \u00e9 uma forma direta de proteger qualidade e reputa\u00e7\u00e3o<\/strong>.<\/p>\n\n\n\n<ul class=\"wp-block-list\">\n<li><a href=\"https:\/\/www.romaeletronica.com.br\/blog\/dimmers-de-alta-potencia\/onde-comprar-dimmer-para-spot\/\">Onde comprar dimmer para spot com seguran\u00e7a<\/a><\/li>\n<\/ul>\n\n\n\n<h2 class=\"wp-block-heading\"><span class=\"ez-toc-section\" id=\"Escalabilidade_a_pergunta_que_precisa_entrar_na_mesa\"><\/span><strong>Escalabilidade: a pergunta que precisa entrar na mesa<\/strong><span class=\"ez-toc-section-end\"><\/span><\/h2>\n\n\n<div class=\"wp-block-image\">\n<figure class=\"alignright size-full is-resized\"><img loading=\"lazy\" decoding=\"async\" width=\"600\" height=\"400\" src=\"https:\/\/www.romaeletronica.com.br\/blog\/wp-content\/uploads\/2024\/07\/tomada-fonte-carregador-usb-modular-1.jpg\" alt=\"\" class=\"wp-image-38\" style=\"width:405px;height:auto\" srcset=\"https:\/\/www.romaeletronica.com.br\/blog\/wp-content\/uploads\/2024\/07\/tomada-fonte-carregador-usb-modular-1.jpg 600w, https:\/\/www.romaeletronica.com.br\/blog\/wp-content\/uploads\/2024\/07\/tomada-fonte-carregador-usb-modular-1-300x200.jpg 300w\" sizes=\"auto, (max-width: 600px) 100vw, 600px\" \/><\/figure>\n<\/div>\n\n\n<p>Muita decis\u00e3o de compra \u00e9 feita olhando o agora. O problema \u00e9 que o agora passa r\u00e1pido.<\/p>\n\n\n\n<p>Se sua empresa pretende aumentar volume, entrar em novos mercados ou ampliar linha de produtos, a pergunta n\u00e3o deve ser apenas \u201cquem entrega hoje?\u201d. A pergunta certa \u00e9: <strong>quem consegue sustentar meu crescimento daqui para frente?<\/strong><\/p>\n\n\n\n<p>\u00c9 nesse momento que o fabricante sai na frente. A ind\u00fastria tende a oferecer uma estrutura mais alinhada com planejamento, previsibilidade de produ\u00e7\u00e3o e evolu\u00e7\u00e3o de demanda.<\/p>\n\n\n\n<h3 class=\"wp-block-heading\"><span class=\"ez-toc-section\" id=\"Crescer_com_seguranca_exige_estrutura\"><\/span><strong>Crescer com seguran\u00e7a exige estrutura<\/strong><span class=\"ez-toc-section-end\"><\/span><\/h3>\n\n\n\n<p>Quando a compra \u00e9 recorrente, escala e controle andam juntos.<\/p>\n\n\n\n<p>Isso significa ter previsibilidade de abastecimento, padr\u00e3o entre lotes, suporte para ajustes e uma rela\u00e7\u00e3o comercial que n\u00e3o dependa de improviso. Sem isso, crescer pode virar um problema em vez de uma oportunidade.<\/p>\n\n\n\n<h2 class=\"wp-block-heading\"><span class=\"ez-toc-section\" id=\"O_que_observar_antes_de_fechar_com_um_parceiro\"><\/span><strong>O que observar antes de fechar com um parceiro<\/strong><span class=\"ez-toc-section-end\"><\/span><\/h2>\n\n\n\n<p>Antes de decidir entre distribuidor, importador ou fabricante, vale checar alguns pontos que dizem mais do que uma proposta bonita.<\/p>\n\n\n\n<p>Capacidade de abastecimento, consist\u00eancia de qualidade, suporte t\u00e9cnico, prazo real de entrega, possibilidade de personaliza\u00e7\u00e3o, garantia e hist\u00f3rico de atendimento devem entrar na avalia\u00e7\u00e3o.<\/p>\n\n\n\n<p>Outro crit\u00e9rio importante \u00e9 a maturidade da empresa parceira. Neg\u00f3cio s\u00e9rio deixa claro como produz, como testa, como atende e como sustenta o p\u00f3s-venda.<\/p>\n\n\n\n<h3 class=\"wp-block-heading\"><span class=\"ez-toc-section\" id=\"Sinais_de_autoridade_no_parceiro_escolhido\"><\/span><strong>Sinais de autoridade no parceiro escolhido<\/strong><span class=\"ez-toc-section-end\"><\/span><\/h3>\n\n\n\n<p>No mercado industrial, autoridade n\u00e3o se constr\u00f3i com discurso.<\/p>\n\n\n\n<p><strong>Se constr\u00f3i com processo, hist\u00f3rico e capacidade de responder bem quando o cliente mais precisa.<\/strong> Esse tipo de seguran\u00e7a pesa muito quando o m\u00f3dulo USB faz parte de uma opera\u00e7\u00e3o maior.<\/p>\n\n\n\n<ul class=\"wp-block-list\">\n<li><a href=\"https:\/\/www.romaeletronica.com.br\/blog\/dimmer\/para-que-serve-um-dimmer\/\">Para que serve um dimmer e por que voc\u00ea deveria ter um hoje<\/a><\/li>\n<\/ul>\n\n\n\n<h2 class=\"wp-block-heading\"><span class=\"ez-toc-section\" id=\"Onde_a_industria_nacional_ganha_forca_nessa_decisao\"><\/span><strong>Onde a ind\u00fastria nacional ganha for\u00e7a nessa decis\u00e3o<\/strong><span class=\"ez-toc-section-end\"><\/span><\/h2>\n\n\n\n<p>Quando existe desenvolvimento local, produ\u00e7\u00e3o pr\u00f3pria e proximidade com o cliente, a opera\u00e7\u00e3o tende a ficar mais est\u00e1vel.<\/p>\n\n\n\n<p>Uma ind\u00fastria nacional consegue encurtar comunica\u00e7\u00e3o, facilitar suporte, reduzir depend\u00eancia externa e dar mais agilidade a ajustes. Para quem precisa de parceiro de longo prazo, isso pesa bastante.<\/p>\n\n\n\n<p>Nesse contexto, empresas com trajet\u00f3ria s\u00f3lida no setor ganham destaque. A ROMA IND. ELETRO ELETR\u00d4NICA, fundada em 1997, construiu sua hist\u00f3ria com foco em <strong>tecnologia nacional, desenvolvimento pr\u00f3prio, produ\u00e7\u00e3o com qualidade e inova\u00e7\u00e3o<\/strong>, al\u00e9m de uma atua\u00e7\u00e3o pautada por testes, garantia e suporte t\u00e9cnico ao cliente.<\/p>\n\n\n\n<h3 class=\"wp-block-heading\"><span class=\"ez-toc-section\" id=\"O_que_esse_modelo_entrega_para_o_comprador\"><\/span><strong>O que esse modelo entrega para o comprador<\/strong><span class=\"ez-toc-section-end\"><\/span><\/h3>\n\n\n\n<p>Mais do que vender, uma fabricante com esse perfil entra como parceira de opera\u00e7\u00e3o.<\/p>\n\n\n\n<p>E isso faz diferen\u00e7a quando a exig\u00eancia deixa de ser apenas entrega e passa a ser desempenho consistente, previsibilidade e apoio t\u00e9cnico no dia a dia.<\/p>\n\n\n\n<ul class=\"wp-block-list\">\n<li><a href=\"https:\/\/www.romaeletronica.com.br\/blog\/tomada-carregador\/tomada-carregador-usb\/\">Tomada carregador USB: conhe\u00e7a suas vantagens no dia a dia<\/a><\/li>\n<\/ul>\n\n\n\n<h2 class=\"wp-block-heading\"><span class=\"ez-toc-section\" id=\"Fornecedor_ou_fabricante_de_modulo_carregador_USB_qual_compensa_mais_para_sua_empresa\"><\/span><strong>Fornecedor ou fabricante de m\u00f3dulo carregador USB: qual compensa mais para sua empresa<\/strong><span class=\"ez-toc-section-end\"><\/span><\/h2>\n\n\n\n<p>A resposta mais honesta \u00e9 esta: depende do est\u00e1gio da sua opera\u00e7\u00e3o. Mas, na maioria dos cen\u00e1rios em que h\u00e1 recorr\u00eancia, necessidade de controle e perspectiva de crescimento, <strong>o fabricante tende a compensar mais<\/strong>.<\/p>\n\n\n\n<p>O distribuidor pode ser \u00fatil para compras r\u00e1pidas e volumes menores. O importador pode atender demandas espec\u00edficas. S\u00f3 que, quando a empresa precisa de previsibilidade, suporte, padr\u00e3o t\u00e9cnico e escalabilidade, comprar direto da ind\u00fastria costuma ser a escolha mais segura e estrat\u00e9gica.<\/p>\n\n\n\n<p>No fim, a melhor decis\u00e3o n\u00e3o \u00e9 a que parece mais barata no come\u00e7o. \u00c9 a que sustenta o seu neg\u00f3cio sem criar gargalos depois.<\/p>\n\n\n\n<p>Se sua empresa est\u00e1 avaliando <strong>fabricante de m\u00f3dulo carregador USB<\/strong>, vale conversar com quem entende de desenvolvimento, produ\u00e7\u00e3o e suporte t\u00e9cnico de ponta a ponta<a href=\"https:\/\/www.romaeletronica.com.br\/contato\">. A ROMA IND. ELETRO ELETR\u00d4NICA re\u00fane experi\u00eancia industrial, tecnologia nacional e foco em qualidade para atender opera\u00e7\u00f5es que precisam comprar com mais seguran\u00e7a, controle e vis\u00e3o de escala.<\/a><\/p>\n\n\n\n<p><\/p>\n","protected":false},"excerpt":{"rendered":"<p><span class=\"span-reading-time rt-reading-time\" style=\"display: block;\"><span class=\"rt-label rt-prefix\">Tempo de leitura: <\/span> <span class=\"rt-time\"> 6<\/span> <span class=\"rt-label rt-postfix\">minutos<\/span><\/span>Entenda quando escolher fornecedor ou fabricante de m\u00f3dulo carregador USB e compare custo, controle, prazo e escalabilidade na decis\u00e3o de compra. Quem est\u00e1 pesquisando fornecedor ou fabricante de m\u00f3dulo USB normalmente n\u00e3o quer s\u00f3 comprar uma pe\u00e7a. Quer evitar atraso, reduzir custo escondido e ter seguran\u00e7a para crescer sem trocar de parceiro no meio do &hellip; <\/p>\n","protected":false},"author":1,"featured_media":37,"comment_status":"open","ping_status":"open","sticky":false,"template":"","format":"standard","meta":{"footnotes":""},"categories":[58,1347],"tags":[2320,2327,2324,2316,2298,2309,2303,60,1355,1360,1358,1364,2294,2322,2319,1362,2300,1368,2295,1366,2293,2312,2304,2317,2301,2329,62,2331,2338,2335,2332,2333,2334,73,74,2336,1406,1392,1388,67,1413,2330,2337,2328,65,70,63,2313,2310,2305,2297,2325,2296,2302,2318,2306,2308,2307,2299,2323,2311,2315,2326,2321,2340,2347,2343,2351,2348,2344,2345,2346,1383,2341,2349,1404,1390,1386,1408,1411,2342,2350,2339,1394,1378,1397,2314],"class_list":["post-289","post","type-post","status-publish","format-standard","has-post-thumbnail","hentry","category-modulo-carregador-usb","category-tomada-com-entrada-usb","tag-como-avaliar-um-fornecedor-de-modulo-usb","tag-como-escolher-fabricante-de-modulo-usb-para-industria","tag-como-garantir-escala-na-compra-de-modulo-usb","tag-como-reduzir-custo-na-compra-de-modulo-usb","tag-compra-de-modulo-usb-para-empresas","tag-compra-tecnica-de-modulo-usb","tag-distribuidor-de-modulo-usb","tag-empresa-de-modulo-carregador-usb","tag-empresa-de-tomada-usb","tag-fabrica-de-modulo-carregador-usb","tag-fabrica-de-tomada-usb","tag-fabricante-de-modulo-carregador-usb","tag-fabricante-de-modulo-usb","tag-fabricante-de-modulo-usb-faz-personalizacao","tag-fabricante-de-modulo-usb-oferece-mais-controle","tag-fabricante-de-tomada-usb","tag-fabricante-nacional-de-modulo-usb","tag-fornecedor-de-modulo-carregador-usb","tag-fornecedor-de-modulo-usb","tag-fornecedor-de-tomada-usb","tag-fornecedor-ou-fabricante-de-modulo-usb","tag-fornecedor-ou-fabricante-de-modulo-usb-qual-escolher","tag-importador-de-modulo-usb","tag-importador-ou-fabricante-de-modulo-usb-compensa-mais","tag-industria-de-modulo-usb","tag-modulo-carregador-usb-comprar","tag-modulo-carregador-usb-em-diadema","tag-modulo-carregador-usb-em-guarulhos","tag-modulo-carregador-usb-em-maua","tag-modulo-carregador-usb-em-osasco","tag-modulo-carregador-usb-em-santo-andre","tag-modulo-carregador-usb-em-sao-bernardo","tag-modulo-carregador-usb-em-sao-caetano","tag-modulo-carregador-usb-em-sao-paulo","tag-modulo-carregador-usb-em-sp","tag-modulo-carregador-usb-na-baixada-santista","tag-modulo-carregador-usb-na-zona-leste","tag-modulo-carregador-usb-na-zona-norte","tag-modulo-carregador-usb-na-zona-oeste","tag-modulo-carregador-usb-na-zona-sul","tag-modulo-carregador-usb-no-abc","tag-modulo-carregador-usb-no-centro","tag-modulo-carregador-usb-no-litoral-paulista","tag-modulo-carregador-usb-onde-encontrar","tag-modulo-carregador-usb-perto-de-mim","tag-modulo-carregador-usb-preco","tag-modulo-carregador-usb-proximo-a-mim","tag-modulo-usb-com-controle-de-qualidade","tag-modulo-usb-com-garantia","tag-modulo-usb-com-qualidade-industrial","tag-modulo-usb-com-suporte-tecnico","tag-modulo-usb-com-suporte-tecnico-vale-a-pena","tag-modulo-usb-direto-da-fabrica","tag-modulo-usb-nacional","tag-modulo-usb-nacional-e-melhor-para-empresas","tag-modulo-usb-para-escala-produtiva","tag-modulo-usb-para-industria","tag-modulo-usb-para-oem","tag-modulo-usb-para-projetos-eletronicos","tag-o-que-considerar-antes-de-comprar-modulo-usb","tag-parceiro-industrial-de-modulo-usb","tag-qual-a-diferenca-entre-distribuidor-e-fabricante-de-modulo-usb","tag-qual-parceiro-oferece-mais-previsibilidade-no-fornecimento","tag-quando-escolher-um-distribuidor-de-modulo-usb","tag-tomada-usb-comprar","tag-tomada-usb-em-diadema","tag-tomada-usb-em-guarulhos","tag-tomada-usb-em-maua","tag-tomada-usb-em-osasco","tag-tomada-usb-em-santo-andre","tag-tomada-usb-em-sao-bernardo","tag-tomada-usb-em-sao-caetano","tag-tomada-usb-em-sao-paulo","tag-tomada-usb-em-sp","tag-tomada-usb-na-baixada-santista","tag-tomada-usb-na-zona-leste","tag-tomada-usb-na-zona-norte","tag-tomada-usb-na-zona-oeste","tag-tomada-usb-na-zona-sul","tag-tomada-usb-no-abc","tag-tomada-usb-no-centro","tag-tomada-usb-no-litoral-paulista","tag-tomada-usb-onde-encontrar","tag-tomada-usb-perto-de-mim","tag-tomada-usb-preco","tag-tomada-usb-proximo-a-mim","tag-vale-mais-a-pena-comprar-modulo-usb-direto-da-fabrica","latest_post"],"yoast_head":"<!-- This site is optimized with the Yoast SEO plugin v24.9 - https:\/\/yoast.com\/wordpress\/plugins\/seo\/ -->\n<title>Fabricante de m\u00f3dulo carregador USB: qual compensa mais? - Blog Roma Eletr\u00f4nica<\/title>\n<meta name=\"description\" content=\"Entenda como escolher o fabricante de m\u00f3dulo carregador USB e compare custo, controle, prazo e escalabilidade na decis\u00e3o de compra.\" \/>\n<meta name=\"robots\" content=\"index, follow, max-snippet:-1, max-image-preview:large, max-video-preview:-1\" \/>\n<link rel=\"canonical\" href=\"https:\/\/www.romaeletronica.com.br\/blog\/modulo-carregador-usb\/fabricante-de-modulo-carregador-usb\/\" \/>\n<meta property=\"og:locale\" content=\"pt_BR\" \/>\n<meta property=\"og:type\" content=\"article\" \/>\n<meta property=\"og:title\" content=\"Fabricante de m\u00f3dulo carregador USB: qual compensa mais? - Blog Roma Eletr\u00f4nica\" \/>\n<meta property=\"og:description\" content=\"Entenda como escolher o fabricante de m\u00f3dulo carregador USB e compare custo, controle, prazo e escalabilidade na decis\u00e3o de compra.\" \/>\n<meta property=\"og:url\" content=\"https:\/\/www.romaeletronica.com.br\/blog\/modulo-carregador-usb\/fabricante-de-modulo-carregador-usb\/\" \/>\n<meta property=\"og:site_name\" content=\"Blog Roma Eletr\u00f4nica\" \/>\n<meta property=\"article:published_time\" content=\"2026-04-24T15:32:54+00:00\" \/>\n<meta property=\"article:modified_time\" content=\"2026-04-24T15:53:19+00:00\" \/>\n<meta property=\"og:image\" content=\"https:\/\/www.romaeletronica.com.br\/blog\/wp-content\/uploads\/2024\/07\/close-up-hands-charging-mobile-phone_53876-13956.jpg\" \/>\n\t<meta property=\"og:image:width\" content=\"689\" \/>\n\t<meta property=\"og:image:height\" content=\"459\" \/>\n\t<meta property=\"og:image:type\" content=\"image\/jpeg\" \/>\n<meta name=\"author\" content=\"admin\" \/>\n<meta name=\"twitter:card\" content=\"summary_large_image\" \/>\n<meta name=\"twitter:label1\" content=\"Escrito por\" \/>\n\t<meta name=\"twitter:data1\" content=\"admin\" \/>\n\t<meta name=\"twitter:label2\" content=\"Est. tempo de leitura\" \/>\n\t<meta name=\"twitter:data2\" content=\"10 minutos\" \/>\n<script type=\"application\/ld+json\" class=\"yoast-schema-graph\">{\"@context\":\"https:\/\/schema.org\",\"@graph\":[{\"@type\":\"Article\",\"@id\":\"https:\/\/www.romaeletronica.com.br\/blog\/modulo-carregador-usb\/fabricante-de-modulo-carregador-usb\/#article\",\"isPartOf\":{\"@id\":\"https:\/\/www.romaeletronica.com.br\/blog\/modulo-carregador-usb\/fabricante-de-modulo-carregador-usb\/\"},\"author\":{\"name\":\"admin\",\"@id\":\"https:\/\/www.romaeletronica.com.br\/blog\/#\/schema\/person\/11d9e8e68dd1ee7b5c276ad6287ab7fb\"},\"headline\":\"Fabricante de m\u00f3dulo carregador USB: qual compensa mais?\",\"datePublished\":\"2026-04-24T15:32:54+00:00\",\"dateModified\":\"2026-04-24T15:53:19+00:00\",\"mainEntityOfPage\":{\"@id\":\"https:\/\/www.romaeletronica.com.br\/blog\/modulo-carregador-usb\/fabricante-de-modulo-carregador-usb\/\"},\"wordCount\":1893,\"commentCount\":0,\"publisher\":{\"@id\":\"https:\/\/www.romaeletronica.com.br\/blog\/#organization\"},\"image\":{\"@id\":\"https:\/\/www.romaeletronica.com.br\/blog\/modulo-carregador-usb\/fabricante-de-modulo-carregador-usb\/#primaryimage\"},\"thumbnailUrl\":\"https:\/\/www.romaeletronica.com.br\/blog\/wp-content\/uploads\/2024\/07\/close-up-hands-charging-mobile-phone_53876-13956.jpg\",\"keywords\":[\"como avaliar um fornecedor de m\u00f3dulo USB\",\"como escolher fabricante de m\u00f3dulo USB para ind\u00fastria\",\"como garantir escala na compra de m\u00f3dulo USB\",\"como reduzir custo na compra de m\u00f3dulo USB\",\"compra de m\u00f3dulo USB para empresas\",\"compra t\u00e9cnica de m\u00f3dulo USB\",\"distribuidor de m\u00f3dulo USB\",\"empresa de m\u00f3dulo carregador USB\",\"empresa de tomada USB\",\"f\u00e1brica de m\u00f3dulo carregador USB\",\"f\u00e1brica de tomada USB\",\"fabricante de m\u00f3dulo carregador USB\",\"fabricante de m\u00f3dulo USB\",\"fabricante de m\u00f3dulo USB faz personaliza\u00e7\u00e3o\",\"fabricante de m\u00f3dulo USB oferece mais controle\",\"fabricante de tomada USB\",\"fabricante nacional de m\u00f3dulo USB\",\"fornecedor de m\u00f3dulo carregador USB\",\"fornecedor de m\u00f3dulo USB\",\"fornecedor de tomada USB\",\"fornecedor ou fabricante de m\u00f3dulo USB\",\"fornecedor ou fabricante de m\u00f3dulo USB qual escolher\",\"importador de m\u00f3dulo USB\",\"importador ou fabricante de m\u00f3dulo USB compensa mais\",\"ind\u00fastria de m\u00f3dulo USB\",\"m\u00f3dulo carregador USB comprar\",\"m\u00f3dulo carregador USB em Diadema\",\"m\u00f3dulo carregador USB em Guarulhos\",\"m\u00f3dulo carregador USB em Mau\u00e1\",\"m\u00f3dulo carregador USB em Osasco\",\"m\u00f3dulo carregador USB em Santo Andr\u00e9\",\"m\u00f3dulo carregador USB em S\u00e3o Bernardo\",\"m\u00f3dulo carregador USB em S\u00e3o Caetano\",\"m\u00f3dulo carregador USB em s\u00e3o paulo\",\"m\u00f3dulo carregador USB em sp\",\"m\u00f3dulo carregador USB na baixada santista\",\"m\u00f3dulo carregador USB na zona leste\",\"m\u00f3dulo carregador USB na zona norte\",\"m\u00f3dulo carregador USB na zona oeste\",\"m\u00f3dulo carregador USB na zona sul\",\"m\u00f3dulo carregador USB no ABC\",\"m\u00f3dulo carregador USB no centro\",\"m\u00f3dulo carregador USB no litoral paulista\",\"m\u00f3dulo carregador USB onde encontrar\",\"m\u00f3dulo carregador USB perto de mim\",\"m\u00f3dulo carregador USB pre\u00e7o\",\"m\u00f3dulo carregador USB pr\u00f3ximo a mim\",\"m\u00f3dulo USB com controle de qualidade\",\"m\u00f3dulo USB com garantia\",\"m\u00f3dulo USB com qualidade industrial\",\"m\u00f3dulo USB com suporte t\u00e9cnico\",\"m\u00f3dulo USB com suporte t\u00e9cnico vale a pena\",\"m\u00f3dulo USB direto da f\u00e1brica\",\"m\u00f3dulo USB nacional\",\"m\u00f3dulo USB nacional \u00e9 melhor para empresas\",\"m\u00f3dulo USB para escala produtiva\",\"m\u00f3dulo USB para ind\u00fastria\",\"m\u00f3dulo USB para OEM\",\"m\u00f3dulo USB para projetos eletr\u00f4nicos\",\"o que considerar antes de comprar m\u00f3dulo USB\",\"parceiro industrial de m\u00f3dulo USB\",\"qual a diferen\u00e7a entre distribuidor e fabricante de m\u00f3dulo USB\",\"qual parceiro oferece mais previsibilidade no fornecimento\",\"quando escolher um distribuidor de m\u00f3dulo USB\",\"tomada USB comprar\",\"tomada USB em Diadema\",\"tomada USB em Guarulhos\",\"tomada USB em Mau\u00e1\",\"tomada USB em Osasco\",\"tomada USB em Santo Andr\u00e9\",\"tomada USB em S\u00e3o Bernardo\",\"tomada USB em S\u00e3o Caetano\",\"tomada USB em s\u00e3o paulo\",\"tomada USB em sp\",\"tomada USB na baixada santista\",\"tomada USB na zona leste\",\"tomada USB na zona norte\",\"tomada USB na zona oeste\",\"tomada USB na zona sul\",\"tomada USB no ABC\",\"tomada USB no centro\",\"tomada USB no litoral paulista\",\"tomada USB onde encontrar\",\"tomada USB perto de mim\",\"tomada USB pre\u00e7o\",\"tomada USB pr\u00f3ximo a mim\",\"vale mais a pena comprar m\u00f3dulo USB direto da f\u00e1brica\"],\"articleSection\":[\"M\u00f3dulo carregador USB\",\"Tomada com entrada USB\"],\"inLanguage\":\"pt-BR\",\"potentialAction\":[{\"@type\":\"CommentAction\",\"name\":\"Comment\",\"target\":[\"https:\/\/www.romaeletronica.com.br\/blog\/modulo-carregador-usb\/fabricante-de-modulo-carregador-usb\/#respond\"]}]},{\"@type\":\"WebPage\",\"@id\":\"https:\/\/www.romaeletronica.com.br\/blog\/modulo-carregador-usb\/fabricante-de-modulo-carregador-usb\/\",\"url\":\"https:\/\/www.romaeletronica.com.br\/blog\/modulo-carregador-usb\/fabricante-de-modulo-carregador-usb\/\",\"name\":\"Fabricante de m\u00f3dulo carregador USB: qual compensa mais? - Blog Roma Eletr\u00f4nica\",\"isPartOf\":{\"@id\":\"https:\/\/www.romaeletronica.com.br\/blog\/#website\"},\"primaryImageOfPage\":{\"@id\":\"https:\/\/www.romaeletronica.com.br\/blog\/modulo-carregador-usb\/fabricante-de-modulo-carregador-usb\/#primaryimage\"},\"image\":{\"@id\":\"https:\/\/www.romaeletronica.com.br\/blog\/modulo-carregador-usb\/fabricante-de-modulo-carregador-usb\/#primaryimage\"},\"thumbnailUrl\":\"https:\/\/www.romaeletronica.com.br\/blog\/wp-content\/uploads\/2024\/07\/close-up-hands-charging-mobile-phone_53876-13956.jpg\",\"datePublished\":\"2026-04-24T15:32:54+00:00\",\"dateModified\":\"2026-04-24T15:53:19+00:00\",\"description\":\"Entenda como escolher o fabricante de m\u00f3dulo carregador USB e compare custo, controle, prazo e escalabilidade na decis\u00e3o de compra.\",\"breadcrumb\":{\"@id\":\"https:\/\/www.romaeletronica.com.br\/blog\/modulo-carregador-usb\/fabricante-de-modulo-carregador-usb\/#breadcrumb\"},\"inLanguage\":\"pt-BR\",\"potentialAction\":[{\"@type\":\"ReadAction\",\"target\":[\"https:\/\/www.romaeletronica.com.br\/blog\/modulo-carregador-usb\/fabricante-de-modulo-carregador-usb\/\"]}]},{\"@type\":\"ImageObject\",\"inLanguage\":\"pt-BR\",\"@id\":\"https:\/\/www.romaeletronica.com.br\/blog\/modulo-carregador-usb\/fabricante-de-modulo-carregador-usb\/#primaryimage\",\"url\":\"https:\/\/www.romaeletronica.com.br\/blog\/wp-content\/uploads\/2024\/07\/close-up-hands-charging-mobile-phone_53876-13956.jpg\",\"contentUrl\":\"https:\/\/www.romaeletronica.com.br\/blog\/wp-content\/uploads\/2024\/07\/close-up-hands-charging-mobile-phone_53876-13956.jpg\",\"width\":689,\"height\":459,\"caption\":\"Fabricante de m\u00f3dulo carregador USB: qual compensa mais?\"},{\"@type\":\"BreadcrumbList\",\"@id\":\"https:\/\/www.romaeletronica.com.br\/blog\/modulo-carregador-usb\/fabricante-de-modulo-carregador-usb\/#breadcrumb\",\"itemListElement\":[{\"@type\":\"ListItem\",\"position\":1,\"name\":\"In\u00edcio\",\"item\":\"https:\/\/www.romaeletronica.com.br\/blog\/\"},{\"@type\":\"ListItem\",\"position\":2,\"name\":\"Fabricante de m\u00f3dulo carregador USB: qual compensa mais?\"}]},{\"@type\":\"WebSite\",\"@id\":\"https:\/\/www.romaeletronica.com.br\/blog\/#website\",\"url\":\"https:\/\/www.romaeletronica.com.br\/blog\/\",\"name\":\"Blog Roma Eletr\u00f4nica\",\"description\":\"L\u00edder em Desenvolvimento de Produtos Eletr\u00f4nicos\",\"publisher\":{\"@id\":\"https:\/\/www.romaeletronica.com.br\/blog\/#organization\"},\"potentialAction\":[{\"@type\":\"SearchAction\",\"target\":{\"@type\":\"EntryPoint\",\"urlTemplate\":\"https:\/\/www.romaeletronica.com.br\/blog\/?s={search_term_string}\"},\"query-input\":{\"@type\":\"PropertyValueSpecification\",\"valueRequired\":true,\"valueName\":\"search_term_string\"}}],\"inLanguage\":\"pt-BR\"},{\"@type\":\"Organization\",\"@id\":\"https:\/\/www.romaeletronica.com.br\/blog\/#organization\",\"name\":\"Blog Roma Eletr\u00f4nica\",\"url\":\"https:\/\/www.romaeletronica.com.br\/blog\/\",\"logo\":{\"@type\":\"ImageObject\",\"inLanguage\":\"pt-BR\",\"@id\":\"https:\/\/www.romaeletronica.com.br\/blog\/#\/schema\/logo\/image\/\",\"url\":\"https:\/\/www.romaeletronica.com.br\/blog\/wp-content\/uploads\/2024\/06\/cropped-roma-logo.png\",\"contentUrl\":\"https:\/\/www.romaeletronica.com.br\/blog\/wp-content\/uploads\/2024\/06\/cropped-roma-logo.png\",\"width\":360,\"height\":201,\"caption\":\"Blog Roma Eletr\u00f4nica\"},\"image\":{\"@id\":\"https:\/\/www.romaeletronica.com.br\/blog\/#\/schema\/logo\/image\/\"}},{\"@type\":\"Person\",\"@id\":\"https:\/\/www.romaeletronica.com.br\/blog\/#\/schema\/person\/11d9e8e68dd1ee7b5c276ad6287ab7fb\",\"name\":\"admin\",\"image\":{\"@type\":\"ImageObject\",\"inLanguage\":\"pt-BR\",\"@id\":\"https:\/\/www.romaeletronica.com.br\/blog\/#\/schema\/person\/image\/\",\"url\":\"https:\/\/secure.gravatar.com\/avatar\/f3273dd18d95bc19d51d3e6356e4a679e6f13824497272a270e7bb540b0abb9d?s=96&d=mm&r=g\",\"contentUrl\":\"https:\/\/secure.gravatar.com\/avatar\/f3273dd18d95bc19d51d3e6356e4a679e6f13824497272a270e7bb540b0abb9d?s=96&d=mm&r=g\",\"caption\":\"admin\"},\"sameAs\":[\"https:\/\/www.romaeletronica.com.br\/blog\"],\"url\":\"https:\/\/www.romaeletronica.com.br\/blog\/author\/admin\/\"}]}<\/script>\n<!-- \/ Yoast SEO plugin. -->","yoast_head_json":{"title":"Fabricante de m\u00f3dulo carregador USB: qual compensa mais? - Blog Roma Eletr\u00f4nica","description":"Entenda como escolher o fabricante de m\u00f3dulo carregador USB e compare custo, controle, prazo e escalabilidade na decis\u00e3o de compra.","robots":{"index":"index","follow":"follow","max-snippet":"max-snippet:-1","max-image-preview":"max-image-preview:large","max-video-preview":"max-video-preview:-1"},"canonical":"https:\/\/www.romaeletronica.com.br\/blog\/modulo-carregador-usb\/fabricante-de-modulo-carregador-usb\/","og_locale":"pt_BR","og_type":"article","og_title":"Fabricante de m\u00f3dulo carregador USB: qual compensa mais? - Blog Roma Eletr\u00f4nica","og_description":"Entenda como escolher o fabricante de m\u00f3dulo carregador USB e compare custo, controle, prazo e escalabilidade na decis\u00e3o de compra.","og_url":"https:\/\/www.romaeletronica.com.br\/blog\/modulo-carregador-usb\/fabricante-de-modulo-carregador-usb\/","og_site_name":"Blog Roma Eletr\u00f4nica","article_published_time":"2026-04-24T15:32:54+00:00","article_modified_time":"2026-04-24T15:53:19+00:00","og_image":[{"width":689,"height":459,"url":"https:\/\/www.romaeletronica.com.br\/blog\/wp-content\/uploads\/2024\/07\/close-up-hands-charging-mobile-phone_53876-13956.jpg","type":"image\/jpeg"}],"author":"admin","twitter_card":"summary_large_image","twitter_misc":{"Escrito por":"admin","Est. tempo de leitura":"10 minutos"},"schema":{"@context":"https:\/\/schema.org","@graph":[{"@type":"Article","@id":"https:\/\/www.romaeletronica.com.br\/blog\/modulo-carregador-usb\/fabricante-de-modulo-carregador-usb\/#article","isPartOf":{"@id":"https:\/\/www.romaeletronica.com.br\/blog\/modulo-carregador-usb\/fabricante-de-modulo-carregador-usb\/"},"author":{"name":"admin","@id":"https:\/\/www.romaeletronica.com.br\/blog\/#\/schema\/person\/11d9e8e68dd1ee7b5c276ad6287ab7fb"},"headline":"Fabricante de m\u00f3dulo carregador USB: qual compensa mais?","datePublished":"2026-04-24T15:32:54+00:00","dateModified":"2026-04-24T15:53:19+00:00","mainEntityOfPage":{"@id":"https:\/\/www.romaeletronica.com.br\/blog\/modulo-carregador-usb\/fabricante-de-modulo-carregador-usb\/"},"wordCount":1893,"commentCount":0,"publisher":{"@id":"https:\/\/www.romaeletronica.com.br\/blog\/#organization"},"image":{"@id":"https:\/\/www.romaeletronica.com.br\/blog\/modulo-carregador-usb\/fabricante-de-modulo-carregador-usb\/#primaryimage"},"thumbnailUrl":"https:\/\/www.romaeletronica.com.br\/blog\/wp-content\/uploads\/2024\/07\/close-up-hands-charging-mobile-phone_53876-13956.jpg","keywords":["como avaliar um fornecedor de m\u00f3dulo USB","como escolher fabricante de m\u00f3dulo USB para ind\u00fastria","como garantir escala na compra de m\u00f3dulo USB","como reduzir custo na compra de m\u00f3dulo USB","compra de m\u00f3dulo USB para empresas","compra t\u00e9cnica de m\u00f3dulo USB","distribuidor de m\u00f3dulo USB","empresa de m\u00f3dulo carregador USB","empresa de tomada USB","f\u00e1brica de m\u00f3dulo carregador USB","f\u00e1brica de tomada USB","fabricante de m\u00f3dulo carregador USB","fabricante de m\u00f3dulo USB","fabricante de m\u00f3dulo USB faz personaliza\u00e7\u00e3o","fabricante de m\u00f3dulo USB oferece mais controle","fabricante de tomada USB","fabricante nacional de m\u00f3dulo USB","fornecedor de m\u00f3dulo carregador USB","fornecedor de m\u00f3dulo USB","fornecedor de tomada USB","fornecedor ou fabricante de m\u00f3dulo USB","fornecedor ou fabricante de m\u00f3dulo USB qual escolher","importador de m\u00f3dulo USB","importador ou fabricante de m\u00f3dulo USB compensa mais","ind\u00fastria de m\u00f3dulo USB","m\u00f3dulo carregador USB comprar","m\u00f3dulo carregador USB em Diadema","m\u00f3dulo carregador USB em Guarulhos","m\u00f3dulo carregador USB em Mau\u00e1","m\u00f3dulo carregador USB em Osasco","m\u00f3dulo carregador USB em Santo Andr\u00e9","m\u00f3dulo carregador USB em S\u00e3o Bernardo","m\u00f3dulo carregador USB em S\u00e3o Caetano","m\u00f3dulo carregador USB em s\u00e3o paulo","m\u00f3dulo carregador USB em sp","m\u00f3dulo carregador USB na baixada santista","m\u00f3dulo carregador USB na zona leste","m\u00f3dulo carregador USB na zona norte","m\u00f3dulo carregador USB na zona oeste","m\u00f3dulo carregador USB na zona sul","m\u00f3dulo carregador USB no ABC","m\u00f3dulo carregador USB no centro","m\u00f3dulo carregador USB no litoral paulista","m\u00f3dulo carregador USB onde encontrar","m\u00f3dulo carregador USB perto de mim","m\u00f3dulo carregador USB pre\u00e7o","m\u00f3dulo carregador USB pr\u00f3ximo a mim","m\u00f3dulo USB com controle de qualidade","m\u00f3dulo USB com garantia","m\u00f3dulo USB com qualidade industrial","m\u00f3dulo USB com suporte t\u00e9cnico","m\u00f3dulo USB com suporte t\u00e9cnico vale a pena","m\u00f3dulo USB direto da f\u00e1brica","m\u00f3dulo USB nacional","m\u00f3dulo USB nacional \u00e9 melhor para empresas","m\u00f3dulo USB para escala produtiva","m\u00f3dulo USB para ind\u00fastria","m\u00f3dulo USB para OEM","m\u00f3dulo USB para projetos eletr\u00f4nicos","o que considerar antes de comprar m\u00f3dulo USB","parceiro industrial de m\u00f3dulo USB","qual a diferen\u00e7a entre distribuidor e fabricante de m\u00f3dulo USB","qual parceiro oferece mais previsibilidade no fornecimento","quando escolher um distribuidor de m\u00f3dulo USB","tomada USB comprar","tomada USB em Diadema","tomada USB em Guarulhos","tomada USB em Mau\u00e1","tomada USB em Osasco","tomada USB em Santo Andr\u00e9","tomada USB em S\u00e3o Bernardo","tomada USB em S\u00e3o Caetano","tomada USB em s\u00e3o paulo","tomada USB em sp","tomada USB na baixada santista","tomada USB na zona leste","tomada USB na zona norte","tomada USB na zona oeste","tomada USB na zona sul","tomada USB no ABC","tomada USB no centro","tomada USB no litoral paulista","tomada USB onde encontrar","tomada USB perto de mim","tomada USB pre\u00e7o","tomada USB pr\u00f3ximo a mim","vale mais a pena comprar m\u00f3dulo USB direto da f\u00e1brica"],"articleSection":["M\u00f3dulo carregador USB","Tomada com entrada USB"],"inLanguage":"pt-BR","potentialAction":[{"@type":"CommentAction","name":"Comment","target":["https:\/\/www.romaeletronica.com.br\/blog\/modulo-carregador-usb\/fabricante-de-modulo-carregador-usb\/#respond"]}]},{"@type":"WebPage","@id":"https:\/\/www.romaeletronica.com.br\/blog\/modulo-carregador-usb\/fabricante-de-modulo-carregador-usb\/","url":"https:\/\/www.romaeletronica.com.br\/blog\/modulo-carregador-usb\/fabricante-de-modulo-carregador-usb\/","name":"Fabricante de m\u00f3dulo carregador USB: qual compensa mais? - Blog Roma Eletr\u00f4nica","isPartOf":{"@id":"https:\/\/www.romaeletronica.com.br\/blog\/#website"},"primaryImageOfPage":{"@id":"https:\/\/www.romaeletronica.com.br\/blog\/modulo-carregador-usb\/fabricante-de-modulo-carregador-usb\/#primaryimage"},"image":{"@id":"https:\/\/www.romaeletronica.com.br\/blog\/modulo-carregador-usb\/fabricante-de-modulo-carregador-usb\/#primaryimage"},"thumbnailUrl":"https:\/\/www.romaeletronica.com.br\/blog\/wp-content\/uploads\/2024\/07\/close-up-hands-charging-mobile-phone_53876-13956.jpg","datePublished":"2026-04-24T15:32:54+00:00","dateModified":"2026-04-24T15:53:19+00:00","description":"Entenda como escolher o fabricante de m\u00f3dulo carregador USB e compare custo, controle, prazo e escalabilidade na decis\u00e3o de compra.","breadcrumb":{"@id":"https:\/\/www.romaeletronica.com.br\/blog\/modulo-carregador-usb\/fabricante-de-modulo-carregador-usb\/#breadcrumb"},"inLanguage":"pt-BR","potentialAction":[{"@type":"ReadAction","target":["https:\/\/www.romaeletronica.com.br\/blog\/modulo-carregador-usb\/fabricante-de-modulo-carregador-usb\/"]}]},{"@type":"ImageObject","inLanguage":"pt-BR","@id":"https:\/\/www.romaeletronica.com.br\/blog\/modulo-carregador-usb\/fabricante-de-modulo-carregador-usb\/#primaryimage","url":"https:\/\/www.romaeletronica.com.br\/blog\/wp-content\/uploads\/2024\/07\/close-up-hands-charging-mobile-phone_53876-13956.jpg","contentUrl":"https:\/\/www.romaeletronica.com.br\/blog\/wp-content\/uploads\/2024\/07\/close-up-hands-charging-mobile-phone_53876-13956.jpg","width":689,"height":459,"caption":"Fabricante de m\u00f3dulo carregador USB: qual compensa mais?"},{"@type":"BreadcrumbList","@id":"https:\/\/www.romaeletronica.com.br\/blog\/modulo-carregador-usb\/fabricante-de-modulo-carregador-usb\/#breadcrumb","itemListElement":[{"@type":"ListItem","position":1,"name":"In\u00edcio","item":"https:\/\/www.romaeletronica.com.br\/blog\/"},{"@type":"ListItem","position":2,"name":"Fabricante de m\u00f3dulo carregador USB: qual compensa mais?"}]},{"@type":"WebSite","@id":"https:\/\/www.romaeletronica.com.br\/blog\/#website","url":"https:\/\/www.romaeletronica.com.br\/blog\/","name":"Blog Roma Eletr\u00f4nica","description":"L\u00edder em Desenvolvimento de Produtos Eletr\u00f4nicos","publisher":{"@id":"https:\/\/www.romaeletronica.com.br\/blog\/#organization"},"potentialAction":[{"@type":"SearchAction","target":{"@type":"EntryPoint","urlTemplate":"https:\/\/www.romaeletronica.com.br\/blog\/?s={search_term_string}"},"query-input":{"@type":"PropertyValueSpecification","valueRequired":true,"valueName":"search_term_string"}}],"inLanguage":"pt-BR"},{"@type":"Organization","@id":"https:\/\/www.romaeletronica.com.br\/blog\/#organization","name":"Blog Roma Eletr\u00f4nica","url":"https:\/\/www.romaeletronica.com.br\/blog\/","logo":{"@type":"ImageObject","inLanguage":"pt-BR","@id":"https:\/\/www.romaeletronica.com.br\/blog\/#\/schema\/logo\/image\/","url":"https:\/\/www.romaeletronica.com.br\/blog\/wp-content\/uploads\/2024\/06\/cropped-roma-logo.png","contentUrl":"https:\/\/www.romaeletronica.com.br\/blog\/wp-content\/uploads\/2024\/06\/cropped-roma-logo.png","width":360,"height":201,"caption":"Blog Roma Eletr\u00f4nica"},"image":{"@id":"https:\/\/www.romaeletronica.com.br\/blog\/#\/schema\/logo\/image\/"}},{"@type":"Person","@id":"https:\/\/www.romaeletronica.com.br\/blog\/#\/schema\/person\/11d9e8e68dd1ee7b5c276ad6287ab7fb","name":"admin","image":{"@type":"ImageObject","inLanguage":"pt-BR","@id":"https:\/\/www.romaeletronica.com.br\/blog\/#\/schema\/person\/image\/","url":"https:\/\/secure.gravatar.com\/avatar\/f3273dd18d95bc19d51d3e6356e4a679e6f13824497272a270e7bb540b0abb9d?s=96&d=mm&r=g","contentUrl":"https:\/\/secure.gravatar.com\/avatar\/f3273dd18d95bc19d51d3e6356e4a679e6f13824497272a270e7bb540b0abb9d?s=96&d=mm&r=g","caption":"admin"},"sameAs":["https:\/\/www.romaeletronica.com.br\/blog"],"url":"https:\/\/www.romaeletronica.com.br\/blog\/author\/admin\/"}]}},"_links":{"self":[{"href":"https:\/\/www.romaeletronica.com.br\/blog\/wp-json\/wp\/v2\/posts\/289","targetHints":{"allow":["GET"]}}],"collection":[{"href":"https:\/\/www.romaeletronica.com.br\/blog\/wp-json\/wp\/v2\/posts"}],"about":[{"href":"https:\/\/www.romaeletronica.com.br\/blog\/wp-json\/wp\/v2\/types\/post"}],"author":[{"embeddable":true,"href":"https:\/\/www.romaeletronica.com.br\/blog\/wp-json\/wp\/v2\/users\/1"}],"replies":[{"embeddable":true,"href":"https:\/\/www.romaeletronica.com.br\/blog\/wp-json\/wp\/v2\/comments?post=289"}],"version-history":[{"count":2,"href":"https:\/\/www.romaeletronica.com.br\/blog\/wp-json\/wp\/v2\/posts\/289\/revisions"}],"predecessor-version":[{"id":291,"href":"https:\/\/www.romaeletronica.com.br\/blog\/wp-json\/wp\/v2\/posts\/289\/revisions\/291"}],"wp:featuredmedia":[{"embeddable":true,"href":"https:\/\/www.romaeletronica.com.br\/blog\/wp-json\/wp\/v2\/media\/37"}],"wp:attachment":[{"href":"https:\/\/www.romaeletronica.com.br\/blog\/wp-json\/wp\/v2\/media?parent=289"}],"wp:term":[{"taxonomy":"category","embeddable":true,"href":"https:\/\/www.romaeletronica.com.br\/blog\/wp-json\/wp\/v2\/categories?post=289"},{"taxonomy":"post_tag","embeddable":true,"href":"https:\/\/www.romaeletronica.com.br\/blog\/wp-json\/wp\/v2\/tags?post=289"}],"curies":[{"name":"wp","href":"https:\/\/api.w.org\/{rel}","templated":true}]}}